{"id":2120,"date":"2010-07-05T07:56:28","date_gmt":"2010-07-05T04:56:28","guid":{"rendered":"https:\/\/cse-net.org\/cse-joins-the-un-global-compact-leaders-summit-pushing-the-envelope-of-global-business\/"},"modified":"2010-07-05T07:56:28","modified_gmt":"2010-07-05T04:56:28","slug":"cse-joins-the-un-global-compact-leaders-summit-pushing-the-envelope-of-global-business","status":"publish","type":"post","link":"https:\/\/cse-net.org\/fr\/la-cse-se-joint-au-sommet-des-dirigeants-du-pacte-mondial-de-lonu-pour-repousser-les-limites-de-lentreprise-mondiale\/","title":{"rendered":"Le CST participe au sommet des dirigeants du Pacte mondial des Nations unies - Repousser les limites du commerce mondial"},"content":{"rendered":"<p>Le 24 juin, le Pacte mondial des Nations unies a organis\u00e9 son sommet triennal des dirigeants \u00e0 New York, aux \u00c9tats-Unis. Pr\u00e9sid\u00e9 par le secr\u00e9taire g\u00e9n\u00e9ral des Nations unies, Ban Ki-moon, le sommet des dirigeants du Pacte mondial des Nations unies a rassembl\u00e9 plus de 1 000 dirigeants s\u00e9lectionn\u00e9s dans tous les secteurs afin de renforcer le r\u00f4le des entreprises et des investissements responsables.<\/p>\n<p>Le CST, repr\u00e9sent\u00e9 par M. Nick Andrews, directeur g\u00e9n\u00e9ral du CST en Am\u00e9rique du Nord, a particip\u00e9 aux discussions du sommet des leaders du Pacte mondial des Nations unies, qui ont soutenu la formation de march\u00e9s durables et la r\u00e9alisation d'objectifs soci\u00e9taux. Le CST est fier d'\u00eatre membre du Pacte mondial des Nations unies depuis 2008 et d'\u00eatre l'une des premi\u00e8res organisations de son secteur \u00e0 produire un rapport sur le d\u00e9veloppement durable. Le CST publie chaque ann\u00e9e sa communication sur le progr\u00e8s (CoP) sous la forme d'un rapport sur le d\u00e9veloppement durable, qui r\u00e9pond aux sp\u00e9cifications des normes internationales. L'exp\u00e9rience du CST et du Pacte mondial des Nations unies se manifeste dans tout ce que fait le CST, y compris dans ses ateliers de formation tr\u00e8s appr\u00e9ci\u00e9s.<\/p>\n<p>Le CST d\u00e9tient un avantage concurrentiel dans la conduite du changement et le d\u00e9veloppement durable gr\u00e2ce \u00e0 un r\u00e9seau international unique de sp\u00e9cialistes, offrant des services int\u00e9gr\u00e9s de d\u00e9veloppement durable.  Dans le cadre de ces services, les ateliers de praticiens de la durabilit\u00e9 (RSE) accr\u00e9dit\u00e9s par l'IEMA ont progressivement acquis une grande popularit\u00e9 dans le monde entier et servent de tremplin aux organisations qui aspirent \u00e0 mettre progressivement en \u0153uvre la durabilit\u00e9 dans leurs op\u00e9rations de base et \u00e0 s'attaquer aux probl\u00e8mes et aux d\u00e9fis du changement climatique.<\/p>\n<p>Les prochains ateliers accr\u00e9dit\u00e9s du CST pour les praticiens de la durabilit\u00e9 (RSE) sont pr\u00e9vus \u00e0 Washington, D.C. (14-15 septembre 2010), Bruxelles (21-22 octobre 2010) et Duba\u00ef (12-13 d\u00e9cembre 2010).  Ces ateliers sont des programmes intensifs uniques de deux jours qui offrent aux participants de tous les secteurs les aptitudes et les comp\u00e9tences requises pour devenir des praticiens qualifi\u00e9s en mati\u00e8re de durabilit\u00e9 (RSE), ce qui leur permet d'obtenir une qualification professionnelle reconnue au niveau international par l'IEMA (Institut pour la gestion et l'\u00e9valuation de l'environnement).  Des ateliers similaires sont organis\u00e9s tout au long de l'ann\u00e9e \u00e0 Chicago, Bruxelles, Ath\u00e8nes et Duba\u00ef.<\/p>","protected":false},"excerpt":{"rendered":"<p>The United Nations Global Compact hosted its tri-annual Leaders\u2019 Summit in New York, USA on June 24th. Chaired by UN Secretary-General Ban Ki-moon, the UN Global Compact Leaders\u2019 Summit brought together more than 1,000 selected leaders from all sectors to enhance the role of responsible business and investment. Contributing to the formation of Sustainability trends [&hellip;]<\/p>\n","protected":false},"author":6,"featured_media":2121,"comment_status":"open","ping_status":"open","sticky":false,"template":"","format":"standard","meta":{"inline_featured_image":false,"footnotes":""},"categories":[28],"tags":[],"class_list":["post-2120","post","type-post","status-publish","format-standard","has-post-thumbnail","hentry","category-news"],"acf":[],"yoast_head":"<!-- This site is optimized with the Yoast SEO plugin v27.5 - https:\/\/yoast.com\/product\/yoast-seo-wordpress\/ -->\n<title>CSE Joins the UN Global Compact Leaders\u2019 Summit Pushing the Envelope of Global Business - Center for Sustainbability &amp; Excellence<\/title>\n<meta name=\"description\" content=\"CSE Joins the UN Global Compact Leaders\u2019 Summit Pushing the Envelope of Global Business | Learn More\" \/>\n<meta name=\"robots\" content=\"index, follow, max-snippet:-1, max-image-preview:large, max-video-preview:-1\" \/>\n<link rel=\"canonical\" href=\"https:\/\/cse-net.org\/fr\/la-cse-se-joint-au-sommet-des-dirigeants-du-pacte-mondial-de-lonu-pour-repousser-les-limites-de-lentreprise-mondiale\/\" \/>\n<meta property=\"og:locale\" content=\"fr_FR\" \/>\n<meta property=\"og:type\" content=\"article\" \/>\n<meta property=\"og:title\" content=\"CSE Joins the UN Global Compact Leaders\u2019 Summit Pushing the Envelope of Global Business - Center for Sustainbability &amp; Excellence\" \/>\n<meta property=\"og:description\" content=\"CSE Joins the UN Global Compact Leaders\u2019 Summit Pushing the Envelope of Global Business | Learn More\" \/>\n<meta property=\"og:url\" content=\"https:\/\/cse-net.org\/fr\/la-cse-se-joint-au-sommet-des-dirigeants-du-pacte-mondial-de-lonu-pour-repousser-les-limites-de-lentreprise-mondiale\/\" \/>\n<meta property=\"og:site_name\" content=\"Center for Sustainbability &amp; Excellence\" \/>\n<meta property=\"article:publisher\" content=\"https:\/\/www.facebook.com\/Centre.for.Sustainability.and.Excellence\/\" \/>\n<meta property=\"article:published_time\" content=\"2010-07-05T04:56:28+00:00\" \/>\n<meta property=\"og:image\" content=\"https:\/\/cse-net.org\/wp-content\/uploads\/2022\/05\/leader_summit.jpg\" \/>\n\t<meta property=\"og:image:width\" content=\"427\" \/>\n\t<meta property=\"og:image:height\" content=\"295\" \/>\n\t<meta property=\"og:image:type\" content=\"image\/jpeg\" \/>\n<meta name=\"author\" content=\"Digital Up Update your business\" \/>\n<meta name=\"twitter:card\" content=\"summary_large_image\" \/>\n<meta name=\"twitter:creator\" content=\"@CSE_network\" \/>\n<meta name=\"twitter:site\" content=\"@CSE_network\" \/>\n<meta name=\"twitter:label1\" content=\"\u00c9crit par\" \/>\n\t<meta name=\"twitter:data1\" content=\"Digital Up Update your business\" \/>\n\t<meta name=\"twitter:label2\" content=\"Dur\u00e9e de lecture estim\u00e9e\" \/>\n\t<meta name=\"twitter:data2\" content=\"2 minutes\" \/>\n<script type=\"application\/ld+json\" class=\"yoast-schema-graph\">{\"@context\":\"https:\\\/\\\/schema.org\",\"@graph\":[{\"@type\":\"Article\",\"@id\":\"https:\\\/\\\/cse-net.org\\\/cse-joins-the-un-global-compact-leaders-summit-pushing-the-envelope-of-global-business\\\/#article\",\"isPartOf\":{\"@id\":\"https:\\\/\\\/cse-net.org\\\/cse-joins-the-un-global-compact-leaders-summit-pushing-the-envelope-of-global-business\\\/\"},\"author\":{\"name\":\"Digital Up Update your business\",\"@id\":\"https:\\\/\\\/cse-net.org\\\/#\\\/schema\\\/person\\\/1fc95700618598771fc38b5c2d7dad06\"},\"headline\":\"CSE Joins the UN Global Compact Leaders\u2019 Summit Pushing the Envelope of Global Business\",\"datePublished\":\"2010-07-05T04:56:28+00:00\",\"mainEntityOfPage\":{\"@id\":\"https:\\\/\\\/cse-net.org\\\/cse-joins-the-un-global-compact-leaders-summit-pushing-the-envelope-of-global-business\\\/\"},\"wordCount\":318,\"commentCount\":0,\"publisher\":{\"@id\":\"https:\\\/\\\/cse-net.org\\\/#organization\"},\"image\":{\"@id\":\"https:\\\/\\\/cse-net.org\\\/cse-joins-the-un-global-compact-leaders-summit-pushing-the-envelope-of-global-business\\\/#primaryimage\"},\"thumbnailUrl\":\"https:\\\/\\\/cse-net.org\\\/wp-content\\\/uploads\\\/2022\\\/05\\\/leader_summit.jpg\",\"articleSection\":[\"News\"],\"inLanguage\":\"fr-FR\"},{\"@type\":\"WebPage\",\"@id\":\"https:\\\/\\\/cse-net.org\\\/cse-joins-the-un-global-compact-leaders-summit-pushing-the-envelope-of-global-business\\\/\",\"url\":\"https:\\\/\\\/cse-net.org\\\/cse-joins-the-un-global-compact-leaders-summit-pushing-the-envelope-of-global-business\\\/\",\"name\":\"CSE Joins the UN Global Compact Leaders\u2019 Summit Pushing the Envelope of Global Business - Center for Sustainbability &amp; Excellence\",\"isPartOf\":{\"@id\":\"https:\\\/\\\/cse-net.org\\\/#website\"},\"primaryImageOfPage\":{\"@id\":\"https:\\\/\\\/cse-net.org\\\/cse-joins-the-un-global-compact-leaders-summit-pushing-the-envelope-of-global-business\\\/#primaryimage\"},\"image\":{\"@id\":\"https:\\\/\\\/cse-net.org\\\/cse-joins-the-un-global-compact-leaders-summit-pushing-the-envelope-of-global-business\\\/#primaryimage\"},\"thumbnailUrl\":\"https:\\\/\\\/cse-net.org\\\/wp-content\\\/uploads\\\/2022\\\/05\\\/leader_summit.jpg\",\"datePublished\":\"2010-07-05T04:56:28+00:00\",\"description\":\"CSE Joins the UN Global Compact Leaders\u2019 Summit Pushing the Envelope of Global Business | Learn More\",\"breadcrumb\":{\"@id\":\"https:\\\/\\\/cse-net.org\\\/cse-joins-the-un-global-compact-leaders-summit-pushing-the-envelope-of-global-business\\\/#breadcrumb\"},\"inLanguage\":\"fr-FR\",\"potentialAction\":[{\"@type\":\"ReadAction\",\"target\":[\"https:\\\/\\\/cse-net.org\\\/cse-joins-the-un-global-compact-leaders-summit-pushing-the-envelope-of-global-business\\\/\"]}]},{\"@type\":\"ImageObject\",\"inLanguage\":\"fr-FR\",\"@id\":\"https:\\\/\\\/cse-net.org\\\/cse-joins-the-un-global-compact-leaders-summit-pushing-the-envelope-of-global-business\\\/#primaryimage\",\"url\":\"https:\\\/\\\/cse-net.org\\\/wp-content\\\/uploads\\\/2022\\\/05\\\/leader_summit.jpg\",\"contentUrl\":\"https:\\\/\\\/cse-net.org\\\/wp-content\\\/uploads\\\/2022\\\/05\\\/leader_summit.jpg\",\"width\":427,\"height\":295,\"caption\":\"CSE Joins the UN Global Compact Leaders\u2019 Summit Pushing the Envelope of Global Business\"},{\"@type\":\"BreadcrumbList\",\"@id\":\"https:\\\/\\\/cse-net.org\\\/cse-joins-the-un-global-compact-leaders-summit-pushing-the-envelope-of-global-business\\\/#breadcrumb\",\"itemListElement\":[{\"@type\":\"ListItem\",\"position\":1,\"name\":\"Home\",\"item\":\"https:\\\/\\\/cse-net.org\\\/\"},{\"@type\":\"ListItem\",\"position\":2,\"name\":\"CSE Joins the UN Global Compact Leaders\u2019 Summit Pushing the Envelope of Global Business\"}]},{\"@type\":\"WebSite\",\"@id\":\"https:\\\/\\\/cse-net.org\\\/#website\",\"url\":\"https:\\\/\\\/cse-net.org\\\/\",\"name\":\"Center for Sustainbability & Excellence\",\"description\":\"\",\"publisher\":{\"@id\":\"https:\\\/\\\/cse-net.org\\\/#organization\"},\"potentialAction\":[{\"@type\":\"SearchAction\",\"target\":{\"@type\":\"EntryPoint\",\"urlTemplate\":\"https:\\\/\\\/cse-net.org\\\/?s={search_term_string}\"},\"query-input\":{\"@type\":\"PropertyValueSpecification\",\"valueRequired\":true,\"valueName\":\"search_term_string\"}}],\"inLanguage\":\"fr-FR\"},{\"@type\":\"Organization\",\"@id\":\"https:\\\/\\\/cse-net.org\\\/#organization\",\"name\":\"CSE\",\"url\":\"https:\\\/\\\/cse-net.org\\\/\",\"logo\":{\"@type\":\"ImageObject\",\"inLanguage\":\"fr-FR\",\"@id\":\"https:\\\/\\\/cse-net.org\\\/#\\\/schema\\\/logo\\\/image\\\/\",\"url\":\"https:\\\/\\\/cse-net.org\\\/wp-content\\\/uploads\\\/2023\\\/12\\\/cse-logo-n.png\",\"contentUrl\":\"https:\\\/\\\/cse-net.org\\\/wp-content\\\/uploads\\\/2023\\\/12\\\/cse-logo-n.png\",\"width\":1200,\"height\":675,\"caption\":\"CSE\"},\"image\":{\"@id\":\"https:\\\/\\\/cse-net.org\\\/#\\\/schema\\\/logo\\\/image\\\/\"},\"sameAs\":[\"https:\\\/\\\/www.facebook.com\\\/Centre.for.Sustainability.and.Excellence\\\/\",\"https:\\\/\\\/x.com\\\/CSE_network\",\"https:\\\/\\\/www.linkedin.com\\\/in\\\/nikos-avlonas-81ab3410\\\/\",\"https:\\\/\\\/www.youtube.com\\\/user\\\/CSEorg\"]},{\"@type\":\"Person\",\"@id\":\"https:\\\/\\\/cse-net.org\\\/#\\\/schema\\\/person\\\/1fc95700618598771fc38b5c2d7dad06\",\"name\":\"Digital Up Update your business\",\"image\":{\"@type\":\"ImageObject\",\"inLanguage\":\"fr-FR\",\"@id\":\"https:\\\/\\\/secure.gravatar.com\\\/avatar\\\/c9e25b24438ed887834a91e99e0278df0cd173c226648d9112a18968bcaf7d7a?s=96&d=mm&r=g\",\"url\":\"https:\\\/\\\/secure.gravatar.com\\\/avatar\\\/c9e25b24438ed887834a91e99e0278df0cd173c226648d9112a18968bcaf7d7a?s=96&d=mm&r=g\",\"contentUrl\":\"https:\\\/\\\/secure.gravatar.com\\\/avatar\\\/c9e25b24438ed887834a91e99e0278df0cd173c226648d9112a18968bcaf7d7a?s=96&d=mm&r=g\",\"caption\":\"Digital Up Update your business\"}}]}<\/script>\n<!-- \/ Yoast SEO plugin. -->","yoast_head_json":{"title":"Le CSE participe au sommet des dirigeants du Pacte mondial des Nations unies \"Pousser les limites du commerce mondial\" - Center for Sustainbability &amp; Excellence","description":"Le CST participe au sommet des dirigeants du Pacte mondial des Nations unies - Repousser les limites de l'entreprise mondiale - En savoir plus","robots":{"index":"index","follow":"follow","max-snippet":"max-snippet:-1","max-image-preview":"max-image-preview:large","max-video-preview":"max-video-preview:-1"},"canonical":"https:\/\/cse-net.org\/fr\/la-cse-se-joint-au-sommet-des-dirigeants-du-pacte-mondial-de-lonu-pour-repousser-les-limites-de-lentreprise-mondiale\/","og_locale":"fr_FR","og_type":"article","og_title":"CSE Joins the UN Global Compact Leaders\u2019 Summit Pushing the Envelope of Global Business - Center for Sustainbability &amp; Excellence","og_description":"CSE Joins the UN Global Compact Leaders\u2019 Summit Pushing the Envelope of Global Business | Learn More","og_url":"https:\/\/cse-net.org\/fr\/la-cse-se-joint-au-sommet-des-dirigeants-du-pacte-mondial-de-lonu-pour-repousser-les-limites-de-lentreprise-mondiale\/","og_site_name":"Center for Sustainbability &amp; Excellence","article_publisher":"https:\/\/www.facebook.com\/Centre.for.Sustainability.and.Excellence\/","article_published_time":"2010-07-05T04:56:28+00:00","og_image":[{"width":427,"height":295,"url":"https:\/\/cse-net.org\/wp-content\/uploads\/2022\/05\/leader_summit.jpg","type":"image\/jpeg"}],"author":"Digital Up Update your business","twitter_card":"summary_large_image","twitter_creator":"@CSE_network","twitter_site":"@CSE_network","twitter_misc":{"\u00c9crit par":"Digital Up Update your business","Dur\u00e9e de lecture estim\u00e9e":"2 minutes"},"schema":{"@context":"https:\/\/schema.org","@graph":[{"@type":"Article","@id":"https:\/\/cse-net.org\/cse-joins-the-un-global-compact-leaders-summit-pushing-the-envelope-of-global-business\/#article","isPartOf":{"@id":"https:\/\/cse-net.org\/cse-joins-the-un-global-compact-leaders-summit-pushing-the-envelope-of-global-business\/"},"author":{"name":"Digital Up Update your business","@id":"https:\/\/cse-net.org\/#\/schema\/person\/1fc95700618598771fc38b5c2d7dad06"},"headline":"CSE Joins the UN Global Compact Leaders\u2019 Summit Pushing the Envelope of Global Business","datePublished":"2010-07-05T04:56:28+00:00","mainEntityOfPage":{"@id":"https:\/\/cse-net.org\/cse-joins-the-un-global-compact-leaders-summit-pushing-the-envelope-of-global-business\/"},"wordCount":318,"commentCount":0,"publisher":{"@id":"https:\/\/cse-net.org\/#organization"},"image":{"@id":"https:\/\/cse-net.org\/cse-joins-the-un-global-compact-leaders-summit-pushing-the-envelope-of-global-business\/#primaryimage"},"thumbnailUrl":"https:\/\/cse-net.org\/wp-content\/uploads\/2022\/05\/leader_summit.jpg","articleSection":["News"],"inLanguage":"fr-FR"},{"@type":"WebPage","@id":"https:\/\/cse-net.org\/cse-joins-the-un-global-compact-leaders-summit-pushing-the-envelope-of-global-business\/","url":"https:\/\/cse-net.org\/cse-joins-the-un-global-compact-leaders-summit-pushing-the-envelope-of-global-business\/","name":"Le CSE participe au sommet des dirigeants du Pacte mondial des Nations unies \"Pousser les limites du commerce mondial\" - Center for Sustainbability &amp; Excellence","isPartOf":{"@id":"https:\/\/cse-net.org\/#website"},"primaryImageOfPage":{"@id":"https:\/\/cse-net.org\/cse-joins-the-un-global-compact-leaders-summit-pushing-the-envelope-of-global-business\/#primaryimage"},"image":{"@id":"https:\/\/cse-net.org\/cse-joins-the-un-global-compact-leaders-summit-pushing-the-envelope-of-global-business\/#primaryimage"},"thumbnailUrl":"https:\/\/cse-net.org\/wp-content\/uploads\/2022\/05\/leader_summit.jpg","datePublished":"2010-07-05T04:56:28+00:00","description":"Le CST participe au sommet des dirigeants du Pacte mondial des Nations unies - Repousser les limites de l'entreprise mondiale - En savoir plus","breadcrumb":{"@id":"https:\/\/cse-net.org\/cse-joins-the-un-global-compact-leaders-summit-pushing-the-envelope-of-global-business\/#breadcrumb"},"inLanguage":"fr-FR","potentialAction":[{"@type":"ReadAction","target":["https:\/\/cse-net.org\/cse-joins-the-un-global-compact-leaders-summit-pushing-the-envelope-of-global-business\/"]}]},{"@type":"ImageObject","inLanguage":"fr-FR","@id":"https:\/\/cse-net.org\/cse-joins-the-un-global-compact-leaders-summit-pushing-the-envelope-of-global-business\/#primaryimage","url":"https:\/\/cse-net.org\/wp-content\/uploads\/2022\/05\/leader_summit.jpg","contentUrl":"https:\/\/cse-net.org\/wp-content\/uploads\/2022\/05\/leader_summit.jpg","width":427,"height":295,"caption":"CSE Joins the UN Global Compact Leaders\u2019 Summit Pushing the Envelope of Global Business"},{"@type":"BreadcrumbList","@id":"https:\/\/cse-net.org\/cse-joins-the-un-global-compact-leaders-summit-pushing-the-envelope-of-global-business\/#breadcrumb","itemListElement":[{"@type":"ListItem","position":1,"name":"Home","item":"https:\/\/cse-net.org\/"},{"@type":"ListItem","position":2,"name":"CSE Joins the UN Global Compact Leaders\u2019 Summit Pushing the Envelope of Global Business"}]},{"@type":"WebSite","@id":"https:\/\/cse-net.org\/#website","url":"https:\/\/cse-net.org\/","name":"Centre pour la durabilit\u00e9 et l'excellence","description":"","publisher":{"@id":"https:\/\/cse-net.org\/#organization"},"potentialAction":[{"@type":"SearchAction","target":{"@type":"EntryPoint","urlTemplate":"https:\/\/cse-net.org\/?s={search_term_string}"},"query-input":{"@type":"PropertyValueSpecification","valueRequired":true,"valueName":"search_term_string"}}],"inLanguage":"fr-FR"},{"@type":"Organization","@id":"https:\/\/cse-net.org\/#organization","name":"CSE","url":"https:\/\/cse-net.org\/","logo":{"@type":"ImageObject","inLanguage":"fr-FR","@id":"https:\/\/cse-net.org\/#\/schema\/logo\/image\/","url":"https:\/\/cse-net.org\/wp-content\/uploads\/2023\/12\/cse-logo-n.png","contentUrl":"https:\/\/cse-net.org\/wp-content\/uploads\/2023\/12\/cse-logo-n.png","width":1200,"height":675,"caption":"CSE"},"image":{"@id":"https:\/\/cse-net.org\/#\/schema\/logo\/image\/"},"sameAs":["https:\/\/www.facebook.com\/Centre.for.Sustainability.and.Excellence\/","https:\/\/x.com\/CSE_network","https:\/\/www.linkedin.com\/in\/nikos-avlonas-81ab3410\/","https:\/\/www.youtube.com\/user\/CSEorg"]},{"@type":"Person","@id":"https:\/\/cse-net.org\/#\/schema\/person\/1fc95700618598771fc38b5c2d7dad06","name":"Digital Up Mettez votre entreprise \u00e0 jour","image":{"@type":"ImageObject","inLanguage":"fr-FR","@id":"https:\/\/secure.gravatar.com\/avatar\/c9e25b24438ed887834a91e99e0278df0cd173c226648d9112a18968bcaf7d7a?s=96&d=mm&r=g","url":"https:\/\/secure.gravatar.com\/avatar\/c9e25b24438ed887834a91e99e0278df0cd173c226648d9112a18968bcaf7d7a?s=96&d=mm&r=g","contentUrl":"https:\/\/secure.gravatar.com\/avatar\/c9e25b24438ed887834a91e99e0278df0cd173c226648d9112a18968bcaf7d7a?s=96&d=mm&r=g","caption":"Digital Up Update your business"}}]}},"_links":{"self":[{"href":"https:\/\/cse-net.org\/fr\/wp-json\/wp\/v2\/posts\/2120","targetHints":{"allow":["GET"]}}],"collection":[{"href":"https:\/\/cse-net.org\/fr\/wp-json\/wp\/v2\/posts"}],"about":[{"href":"https:\/\/cse-net.org\/fr\/wp-json\/wp\/v2\/types\/post"}],"author":[{"embeddable":true,"href":"https:\/\/cse-net.org\/fr\/wp-json\/wp\/v2\/users\/6"}],"replies":[{"embeddable":true,"href":"https:\/\/cse-net.org\/fr\/wp-json\/wp\/v2\/comments?post=2120"}],"version-history":[{"count":0,"href":"https:\/\/cse-net.org\/fr\/wp-json\/wp\/v2\/posts\/2120\/revisions"}],"wp:featuredmedia":[{"embeddable":true,"href":"https:\/\/cse-net.org\/fr\/wp-json\/wp\/v2\/media\/2121"}],"wp:attachment":[{"href":"https:\/\/cse-net.org\/fr\/wp-json\/wp\/v2\/media?parent=2120"}],"wp:term":[{"taxonomy":"category","embeddable":true,"href":"https:\/\/cse-net.org\/fr\/wp-json\/wp\/v2\/categories?post=2120"},{"taxonomy":"post_tag","embeddable":true,"href":"https:\/\/cse-net.org\/fr\/wp-json\/wp\/v2\/tags?post=2120"}],"curies":[{"name":"wp","href":"https:\/\/api.w.org\/{rel}","templated":true}]}}